{"id":5548,"date":"2021-03-20T11:59:43","date_gmt":"2021-03-20T11:59:43","guid":{"rendered":"https:\/\/ctproductions.co\/?p=5548"},"modified":"2022-04-05T09:36:16","modified_gmt":"2022-04-05T09:36:16","slug":"sem-hamed-bakayoko-premier-ministre-of-cote-divoire","status":"publish","type":"post","link":"https:\/\/ctproductions.co\/index.php\/interviews\/sem-hamed-bakayoko-premier-ministre-of-cote-divoire\/2021\/03\/20\/","title":{"rendered":"SEM Hamed BAKAYOKO, Premier Ministre of C\u00f4te d\u2019Ivoire"},"content":{"rendered":"<h3><!--more--><\/h3>\n<h3 style=\"text-align: left;\">Intervention introductive de Son Excellence Monsieur Hamed BAKAYOKO,<br \/>\nPremier ministre, Ministre de la defense.<\/h3>\n<h6>Date: March, 20, 2021 &#8211;<\/h6>\n<hr \/>\n<p style=\"text-align: right;\">A l\u2019occasion du premier Conseil des Ministres de l\u2019annee 2021.<br \/>\nPalais Pr\u00e9sidentiel, 06 janvier 2021<\/p>\n<figure id=\"attachment_5551\" aria-describedby=\"caption-attachment-5551\" style=\"width: 540px\" class=\"wp-caption aligncenter\"><img class=\"wp-image-5551\" src=\"https:\/\/ctproductions.co\/wp-content\/uploads\/2021\/03\/Alassane-Ouattara-1-1024x576.jpg\" alt=\"\" width=\"540\" height=\"304\" srcset=\"https:\/\/ctproductions.co\/wp-content\/uploads\/2021\/03\/Alassane-Ouattara-1-1024x576.jpg 1024w, https:\/\/ctproductions.co\/wp-content\/uploads\/2021\/03\/Alassane-Ouattara-1-300x169.jpg 300w, https:\/\/ctproductions.co\/wp-content\/uploads\/2021\/03\/Alassane-Ouattara-1-768x432.jpg 768w, https:\/\/ctproductions.co\/wp-content\/uploads\/2021\/03\/Alassane-Ouattara-1.jpg 1200w\" sizes=\"(max-width: 540px) 100vw, 540px\" \/><figcaption id=\"caption-attachment-5551\" class=\"wp-caption-text\">S.E.M. Alassane OUATTARA Pr\u00e9sident de la R\u00e9publique de la C\u00f4te d\u2019Ivoire<\/figcaption><\/figure>\n<p style=\"text-align: justify;\"><strong>Excellence Monsieur le Pr\u00e9sident de la R\u00e9publique<\/strong>,<br \/>\n2020 a \u00e9t\u00e9 une ann\u00e9e de grands d\u00e9fis, de grandes \u00e9preuves et de fortes \u00e9motions. Mais nous avons pu r\u00e9sister et relever tous ces d\u00e9fis, gr\u00e2ce \u00e0 votre leadership, \u00e0 votre courage politique et \u00e0 votre sens \u00e9lev\u00e9 de l\u2019Etat.<br \/>\nC\u2019est \u00e9galement le lieu pour nous de vous r\u00e9it\u00e9rer nos sinc\u00e8res et chaleureuses f\u00e9licitations pour votre brillante r\u00e9\u00e9lection \u00e0 la magistrature supr\u00eame de notre pays.<br \/>\nEn effet, une large majorit\u00e9 de nos compatriotes vous a renouvel\u00e9 sa confiance, au terme d\u2019un processus \u00e9lectoral ouvert et transparent.<br \/>\nOui Excellence, vous avez pr\u00e9serv\u00e9 la l\u00e9galit\u00e9 constitutionnelle et la stabilit\u00e9 des Institutions de la R\u00e9publique contre les vell\u00e9it\u00e9s de s\u00e9dition et le d\u00e9sordre projet\u00e9s par une partie de l\u2019opposition politique.<\/p>\n<p style=\"text-align: justify;\"><strong>Excellence Monsieur le Pr\u00e9sident de la R\u00e9publique,<\/strong><br \/>\nA l\u2019occasion de votre message du nouvel an \u00e0 la Nation, le jeudi 31 d\u00e9cembre 2020, vous avez dress\u00e9 le bilan de votre action et d\u00e9gag\u00e9 votre vision de l\u2019avenir.<br \/>\nEn d\u00e9pit d\u2019un contexte national et international difficile marqu\u00e9 par la persistance de la pand\u00e9mie de Coronavirus (COVID-19), la C\u00f4te d\u2019Ivoire sous votre action, a enregistr\u00e9 des progr\u00e8s remarquables dans bien de domaines.<br \/>\nCes progr\u00e8s concernent, entre autres : la stabilit\u00e9 macro\u00e9conomique et financi\u00e8re, la transformation structurelle de notre \u00e9conomie, le d\u00e9veloppement des infrastructures,<br \/>\nL\u2019acc\u00e9l\u00e9ration des acquis sociaux, la baisse du taux de pauvret\u00e9, l\u2019am\u00e9lioration des indicateurs de bonne gouvernance, en vue de consolider ses acquis importants, votre grande vision pour une C\u00f4te d\u2019ivoire meilleure et solidaire, nous engage \u00e0 relever de nouveaux d\u00e9fis au cours de ce nouveau quinquennat. Il s\u2019agit :<br \/>\nDe consolider la paix par le dialogue ;<br \/>\nDe consolider la paix par la justice et la v\u00e9rit\u00e9 ;<br \/>\nDe consolider la paix par le d\u00e9veloppement et la r\u00e9duction de la pauvret\u00e9.<br \/>\nAucune grande nation dans le monde ne s\u2019est construite en faisant l\u2019\u00e9conomie de ces grands principes qui restent intimement li\u00e9s.<br \/>\nA cela s\u2019ajoutent, au cours du premier trimestre de l\u2019ann\u00e9e, la pr\u00e9paration et l\u2019organisation des prochaines \u00e9lections l\u00e9gislatives apais\u00e9es.<br \/>\nNous devons \u00e9galement maintenir notre vigilance contre le terrorisme et les actes de violence politique.<br \/>\nLes r\u00e9ponses \u00e0 l\u2019ensemble de ses d\u00e9fis feront l\u2019objet du Plan National de D\u00e9veloppement (PND) 2021-2025, tir\u00e9 lui-m\u00eame de votre projet de soci\u00e9t\u00e9 et de la vision C\u00f4te d\u2019Ivoire 2030. Ce nouveau PND sera finalis\u00e9 au cours de ce mois de janvier.<\/p>\n<p style=\"text-align: justify;\"><strong>Excellence Monsieur le Pr\u00e9sident de la R\u00e9publique,<\/strong><br \/>\nAvec l\u2019ensemble des membres du Conseil, nous prenons solennellement l\u2019engagement de travailler avec toute la rigueur n\u00e9cessaire, dans un esprit de loyaut\u00e9, de solidarit\u00e9 et de patriotisme, afin de r\u00e9aliser votre grande ambition pour la C\u00f4te d\u2019Ivoire.<br \/>\nL\u2019action gouvernementale que j\u2019ai l\u2019honneur de conduire sous votre haute autorit\u00e9 devra gagner davantage en rigueur et en efficacit\u00e9. Nous devons travailler \u00e0 r\u00e9duire les d\u00e9lais de traitement des dossiers, en particulier les d\u00e9lais de passation de march\u00e9, les d\u00e9lais d\u2019ordonnancement et de paiement.<br \/>\nNous devons \u00e9galement tout mettre en \u0153uvre pour lever tous les blocages administratifs au d\u00e9nouement des dossiers qui croulent sous le poids de la bureaucratie.<br \/>\nNotre r\u00e9ponse aux pr\u00e9occupations de nos compatriotes doit \u00eatre rapide, claire, efficace et concr\u00e8te.<br \/>\nLe traitement efficient de toutes ces diligences n\u00e9cessitera une r\u00e9organisation du travail Gouvernemental, en vue d\u2019une meilleure productivit\u00e9.<br \/>\nJe voudrais, \u00e0 cet \u00e9gard, sugg\u00e9rer la tenue chaque quinzaine d\u2019un Conseil de Gouvernement consacr\u00e9 au suivi des dossiers importants en instance. Les travaux de ce Conseil seront pr\u00e9sent\u00e9s au Conseil des Ministres pour d\u00e9cision.<\/p>\n<p style=\"text-align: justify;\"><strong>Excellence Monsieur le Pr\u00e9sident de la R\u00e9publique,<\/strong><br \/>\nC\u2019est un immense honneur et une grande fiert\u00e9 de servir la C\u00f4te d\u2019Ivoire qui a retrouv\u00e9 sa grandeur, sous votre haute \u00e9gide.<br \/>\nLes f\u00eates de fin d\u2019ann\u00e9e nous ont donn\u00e9 la parfaite illustration de cette grandeur de notre pays. Les Ivoiriennes et les Ivoiriens dans les villes et communes, dans les villages et campagnes ont su se retrouver pour vivre ensemble de grands moments de fraternit\u00e9, de joie et de partage.<br \/>\nLa destination C\u00f4te d\u2019Ivoire a \u00e9t\u00e9 particuli\u00e8rement pris\u00e9e par des visiteurs \u00e9trangers venus profiter de la qualit\u00e9 de nos infrastructures, de notre joie de vie et de notre mod\u00e8le de vivre ensemble.<\/p>\n<p style=\"text-align: justify;\">Oui, <strong>Monsieur le Pr\u00e9sident de la R\u00e9publique<\/strong>, vous pouvez \u00eatre fier de ce que vous avez accompli pour votre beau pays. Vous voil\u00e0 encore aujourd\u2019hui, comme en 1990 et en 2010 au rendez-vous de l\u2019appel du pays ; au rendez-vous de votre destin qui reste intimement li\u00e9 \u00e0 celui de la C\u00f4te d\u2019Ivoire.<br \/>\nJ\u2019ai la ferme conviction, que sous votre haute \u00e9gide, nous irons encore plus vite et plus loin dans la transformation de notre pays.<br \/>\nAvec la force de travail de notre peuple, notamment les jeunes, les femmes, nos braves paysans, et avec l\u2019aide de Dieu, nous r\u00e9aliserons d\u2019importants progr\u00e8s en cette ann\u00e9e 2021.<br \/>\nNous entamerons ainsi, sous de meilleurs auspices, une nouvelle \u00e9tape dans la marche de notre grand pays vers le progr\u00e8s.<\/p>\n<p style=\"text-align: justify;\"><strong>Bonne et heureuse ann\u00e9e 2021, Excellence Monsieur le Pr\u00e9sident de la R\u00e9publique. Que Dieu Tout Puissant vous garde.<\/strong><\/p>\n<p><strong>Je vous remercie.<\/strong><\/p>\n<p style=\"text-align: right;\"><strong>S.E.M. Hamed BAKAYOKO<\/strong><br \/>\nPremier Ministre,<br \/>\nChef du Gouvernement, Ministre de la D\u00e9fense<\/p>\n<figure id=\"attachment_5549\" aria-describedby=\"caption-attachment-5549\" style=\"width: 540px\" class=\"wp-caption aligncenter\"><img class=\"wp-image-5549\" src=\"https:\/\/ctproductions.co\/wp-content\/uploads\/2021\/03\/PM-Hamed-BAKAYOKO-2021-300x199.jpeg\" alt=\"\" width=\"540\" height=\"359\" srcset=\"https:\/\/ctproductions.co\/wp-content\/uploads\/2021\/03\/PM-Hamed-BAKAYOKO-2021-300x199.jpeg 300w, https:\/\/ctproductions.co\/wp-content\/uploads\/2021\/03\/PM-Hamed-BAKAYOKO-2021-1024x681.jpeg 1024w, https:\/\/ctproductions.co\/wp-content\/uploads\/2021\/03\/PM-Hamed-BAKAYOKO-2021-768x511.jpeg 768w, https:\/\/ctproductions.co\/wp-content\/uploads\/2021\/03\/PM-Hamed-BAKAYOKO-2021.jpeg 1080w\" sizes=\"(max-width: 540px) 100vw, 540px\" \/><figcaption id=\"caption-attachment-5549\" class=\"wp-caption-text\">S.E.M. Hamed BAKAYOKO Premier Ministre, Chef du Gouvernement, Ministre de la D\u00e9fense<\/figcaption><\/figure>\n<h5>Source: <a href=\"https:\/\/ctproductions.co\/wp-content\/uploads\/2021\/03\/Prime-Minister-CIV-Focus-CI-2021.pdf\" target=\"_blank\" rel=\"noopener\">FOCUS sur la C\u00f4te d\u2019Ivoire 2021<\/a>: La r\u00e9sistance solide contre la guerre pand\u00e9mique<br \/>\nVisit our in house publication: <a href=\"https:\/\/ctproductions.co\/in-house-publications-focus\/\">Focus<\/a><\/h5>\n","protected":false},"excerpt":{"rendered":"","protected":false},"author":1,"featured_media":5549,"comment_status":"closed","ping_status":"closed","sticky":false,"template":"","format":"standard","meta":{"footnotes":"","_wp_rev_ctl_limit":"1"},"categories":[59],"tags":[],"class_list":{"0":"post-5548","1":"post","2":"type-post","3":"status-publish","4":"format-standard","5":"has-post-thumbnail","7":"category-interviews"},"menu_order":0,"_links":{"self":[{"href":"https:\/\/ctproductions.co\/index.php\/wp-json\/wp\/v2\/posts\/5548","targetHints":{"allow":["GET"]}}],"collection":[{"href":"https:\/\/ctproductions.co\/index.php\/wp-json\/wp\/v2\/posts"}],"about":[{"href":"https:\/\/ctproductions.co\/index.php\/wp-json\/wp\/v2\/types\/post"}],"author":[{"embeddable":true,"href":"https:\/\/ctproductions.co\/index.php\/wp-json\/wp\/v2\/users\/1"}],"replies":[{"embeddable":true,"href":"https:\/\/ctproductions.co\/index.php\/wp-json\/wp\/v2\/comments?post=5548"}],"version-history":[{"count":1,"href":"https:\/\/ctproductions.co\/index.php\/wp-json\/wp\/v2\/posts\/5548\/revisions"}],"predecessor-version":[{"id":7381,"href":"https:\/\/ctproductions.co\/index.php\/wp-json\/wp\/v2\/posts\/5548\/revisions\/7381"}],"wp:featuredmedia":[{"embeddable":true,"href":"https:\/\/ctproductions.co\/index.php\/wp-json\/wp\/v2\/media\/5549"}],"wp:attachment":[{"href":"https:\/\/ctproductions.co\/index.php\/wp-json\/wp\/v2\/media?parent=5548"}],"wp:term":[{"taxonomy":"category","embeddable":true,"href":"https:\/\/ctproductions.co\/index.php\/wp-json\/wp\/v2\/categories?post=5548"},{"taxonomy":"post_tag","embeddable":true,"href":"https:\/\/ctproductions.co\/index.php\/wp-json\/wp\/v2\/tags?post=5548"}],"curies":[{"name":"wp","href":"https:\/\/api.w.org\/{rel}","templated":true}]}}